{"id":1647,"date":"2023-04-01T17:35:30","date_gmt":"2023-04-01T15:35:30","guid":{"rendered":"https:\/\/cd-68-ffc.fr\/?p=1647"},"modified":"2023-04-01T17:35:54","modified_gmt":"2023-04-01T15:35:54","slug":"piste-stages-de-printemps","status":"publish","type":"post","link":"https:\/\/cd-68-ffc.fr\/?p=1647","title":{"rendered":"Piste : Stages de Printemps"},"content":{"rendered":"\t\t<div data-elementor-type=\"wp-post\" data-elementor-id=\"1647\" class=\"elementor elementor-1647\" data-elementor-post-type=\"post\">\n\t\t\t\t\t\t<section class=\"elementor-section elementor-top-section elementor-element elementor-element-736c310 elementor-section-boxed elementor-section-height-default elementor-section-height-default\" data-id=\"736c310\" data-element_type=\"section\" data-e-type=\"section\">\n\t\t\t\t\t\t<div class=\"elementor-container elementor-column-gap-default\">\n\t\t\t\t\t<div class=\"elementor-column elementor-col-100 elementor-top-column elementor-element elementor-element-163d256\" data-id=\"163d256\" data-element_type=\"column\" data-e-type=\"column\">\n\t\t\t<div class=\"elementor-widget-wrap elementor-element-populated\">\n\t\t\t\t\t\t<div class=\"elementor-element elementor-element-c37ab09 elementor-widget elementor-widget-text-editor\" data-id=\"c37ab09\" data-element_type=\"widget\" data-e-type=\"widget\" data-widget_type=\"text-editor.default\">\n\t\t\t\t<div class=\"elementor-widget-container\">\n\t\t\t\t\t\t\t\t\t<div><p>Les Comit\u00e9s D\u00e9partementaux du Haut-Rhin et du Bas-Rhin sont heureux de reconduire ensemble les 3 journ\u00e9es de <b>Stage Piste<\/b> pour les Vacances de Printemps \u00e0 venir. Les objectifs de ces stages sont : <span style=\"color: #0000ff;\"><strong>d\u00e9couverte<\/strong><\/span>, <strong><span style=\"color: #0000ff;\">d\u00e9tection<\/span><\/strong> et <span style=\"color: #0000ff;\"><strong>perfectionnement<\/strong><\/span>.<\/p><p>Ces stages sont ouverts aux coureurs licenci\u00e9s des CD67 et CD68 ainsi que ceux des d\u00e9partements \u00ab\u00a0RIVERAINS\u00a0\u00bb (Vosges, Moselle).<\/p><p>Ils se d\u00e9rouleront sur les pistes du :<\/p><\/div><div><ul><li><strong>V\u00e9lodrome de Colmar<\/strong>, rue du Ladhof<\/li><li><strong>V\u00e9lodrome de Strasbourg-Hautepierre<\/strong>, rue Baden Powell<\/li><\/ul><p><span style=\"text-decoration: underline;\"><strong><span style=\"color: #008000; text-decoration: underline;\">Le Programme<\/span><\/strong><\/span> :<\/p><ul><li><strong>Colmar &#8211; Lundi 24 avril<\/strong> : R\u00e9serv\u00e9 aux jeunes de 6 \u00e0 14 ans (Ecoles de Cyclisme) en v\u00e9lo de ROUTE uniquement,<\/li><li><strong>Colmar &#8211; Mardi 25 avril<\/strong> : R\u00e9unira les pistards (D\u00e9butants ou Confirm\u00e9s) des cat\u00e9gories U17, U19 et U23 (cadets, juniors et espoirs), mais avec V\u00e9lo de PISTE. (on travaillera en 2 groupes distincts au d\u00e9but)<\/li><li><strong>Strasbourg &#8211; Mercredi 26 avril<\/strong> : R\u00e9unira avant tout les pistards confirm\u00e9s (ou en voie de l&rsquo;\u00eatre, un d\u00e9butant dou\u00e9 la veille pourra venir). M\u00eames cat\u00e9gories d&rsquo;\u00e2ge que la veille, m\u00eame mat\u00e9riel.<\/li><\/ul><p style=\"padding-left: 40px;\"><span style=\"text-decoration: underline;\"><strong>Nota<\/strong><\/span> : Nous invitons tout particuli\u00e8rement tous les U17, U19 et U23 comp\u00e9titeurs sur la route \u00e0 nous rejoindre pour ces journ\u00e9es piste durant lesquelles l&rsquo;ensemble des disciplines de la piste seront abord\u00e9s, avec un apprentissage tant ludique que progressif.<\/p><p><span style=\"text-decoration: underline;\"><span style=\"color: #008000;\"><strong>M\u00e9t\u00e9o<\/strong><\/span><\/span> :<\/p><ul><li>La Piste en est malheureusement tributaire et elle ne peut se pratiquer \u00ab\u00a0sur du mouill\u00e9\u00a0\u00bb. Pour vous \u00e9viter des d\u00e9placements inutiles, veuillez consulter les infos (la veille, \u00e0 partir de 18h, de votre journ\u00e9e de stage), sur le site Facebook \u00a0\u00bb V\u00e9lodromes d&rsquo;Alsace \u00a0\u00bb pour savoir si la journ\u00e9e de stage est maintenue ou non.<\/li><\/ul><p><span style=\"text-decoration: underline;\"><strong><span style=\"color: #008000; text-decoration: underline;\">Horaire<\/span><\/strong><\/span> :<\/p><ul><li>10hrs (pr\u00eat \u00e0 rouler) jusqu\u2019\u00e0 16hrs (les 3 jours) REPAS : chaque participant am\u00e8nera son repas et ses boissons.<\/li><\/ul><p><span style=\"text-decoration: underline;\"><strong><span style=\"color: #008000; text-decoration: underline;\">Encadrants<\/span><\/strong><\/span> :<\/p><ul><li><strong>Jacques BALDECK<\/strong> et <strong>Hubert SCHLICK<\/strong><\/li><\/ul><p><span style=\"text-decoration: underline; color: #008000;\"><strong>Inscriptions<\/strong><\/span> :<\/p><ul><li>Afin de pouvoir au mieux pr\u00e9parer ces stages merci de faire parvenir par mail, \u00e0 l\u2019adresse ci-dessous, votre <strong><span style=\"color: #ff0000;\">inscription (obligatoire)<\/span><\/strong> en pr\u00e9cisant :<\/li><\/ul><p style=\"padding-left: 80px;\">o\u00a0\u00a0\u00a0 Le (ou les) stage(s) (1,2, 3 &#8230; ou 2 et 3),<br \/>o\u00a0\u00a0\u00a0 Votre identit\u00e9, <br \/>o\u00a0\u00a0\u00a0 Le Club,<br \/>o\u00a0\u00a0\u00a0 La cat\u00e9gorie FFC,<br \/>o\u00a0\u00a0\u00a0 D (pour d\u00e9butant) ou C (pour confirm\u00e9)<\/p><p style=\"padding-left: 80px;\">\u00a0<span style=\"text-decoration: underline;\">Email pour l\u2019inscription<\/span> : <strong>Christian Schlewitz<\/strong> (membre commission piste Grand-Est et membre du CD 68) :\u00a0 <a href=\"mailto:christian.schlewitz@vialis.net\">christian.schlewitz@vialis.net<\/a> \u00a0<\/p><p style=\"padding-left: 80px;\"><span style=\"text-decoration: underline;\">Date limite d\u2019inscription<\/span> : <strong><span style=\"color: #ff0000;\">au plus tard pour le vendredi 21 avril<\/span><\/strong>.<\/p><\/div>\t\t\t\t\t\t\t\t<\/div>\n\t\t\t\t<\/div>\n\t\t\t\t\t<\/div>\n\t\t<\/div>\n\t\t\t\t\t<\/div>\n\t\t<\/section>\n\t\t\t\t<\/div>\n\t\t","protected":false},"excerpt":{"rendered":"<p>Les Comit\u00e9s D\u00e9partementaux du Haut-Rhin et du Bas-Rhin sont heureux de reconduire ensemble les 3 journ\u00e9es de Stage Piste pour les Vacances de Printemps \u00e0 venir. Les objectifs de ces stages sont : d\u00e9couverte, d\u00e9tection et perfectionnement. Ces stages sont ouverts aux coureurs licenci\u00e9s des CD67 et CD68 ainsi que ceux des d\u00e9partements \u00ab\u00a0RIVERAINS\u00a0\u00bb (Vosges, [&hellip;]<\/p>\n","protected":false},"author":1,"featured_media":1640,"comment_status":"closed","ping_status":"closed","sticky":false,"template":"","format":"standard","meta":{"site-sidebar-layout":"default","site-content-layout":"","ast-site-content-layout":"default","site-content-style":"default","site-sidebar-style":"default","ast-global-header-display":"","ast-banner-title-visibility":"","ast-main-header-display":"","ast-hfb-above-header-display":"","ast-hfb-below-header-display":"","ast-hfb-mobile-header-display":"","site-post-title":"","ast-breadcrumbs-content":"","ast-featured-img":"","footer-sml-layout":"","theme-transparent-header-meta":"","adv-header-id-meta":"","stick-header-meta":"","header-above-stick-meta":"","header-main-stick-meta":"","header-below-stick-meta":"","astra-migrate-meta-layouts":"default","ast-page-background-enabled":"default","ast-page-background-meta":{"desktop":{"background-color":"","background-image":"","background-repeat":"repeat","background-position":"center center","background-size":"auto","background-attachment":"scroll","background-type":"","background-media":"","overlay-type":"","overlay-color":"","overlay-opacity":"","overlay-gradient":""},"tablet":{"background-color":"","background-image":"","background-repeat":"repeat","background-position":"center center","background-size":"auto","background-attachment":"scroll","background-type":"","background-media":"","overlay-type":"","overlay-color":"","overlay-opacity":"","overlay-gradient":""},"mobile":{"background-color":"","background-image":"","background-repeat":"repeat","background-position":"center center","background-size":"auto","background-attachment":"scroll","background-type":"","background-media":"","overlay-type":"","overlay-color":"","overlay-opacity":"","overlay-gradient":""}},"ast-content-background-meta":{"desktop":{"background-color":"var(--ast-global-color-5)","background-image":"","background-repeat":"repeat","background-position":"center center","background-size":"auto","background-attachment":"scroll","background-type":"","background-media":"","overlay-type":"","overlay-color":"","overlay-opacity":"","overlay-gradient":""},"tablet":{"background-color":"var(--ast-global-color-5)","background-image":"","background-repeat":"repeat","background-position":"center center","background-size":"auto","background-attachment":"scroll","background-type":"","background-media":"","overlay-type":"","overlay-color":"","overlay-opacity":"","overlay-gradient":""},"mobile":{"background-color":"var(--ast-global-color-5)","background-image":"","background-repeat":"repeat","background-position":"center center","background-size":"auto","background-attachment":"scroll","background-type":"","background-media":"","overlay-type":"","overlay-color":"","overlay-opacity":"","overlay-gradient":""}},"footnotes":""},"categories":[24],"tags":[],"class_list":["post-1647","post","type-post","status-publish","format-standard","has-post-thumbnail","hentry","category-piste"],"_links":{"self":[{"href":"https:\/\/cd-68-ffc.fr\/index.php?rest_route=\/wp\/v2\/posts\/1647","targetHints":{"allow":["GET"]}}],"collection":[{"href":"https:\/\/cd-68-ffc.fr\/index.php?rest_route=\/wp\/v2\/posts"}],"about":[{"href":"https:\/\/cd-68-ffc.fr\/index.php?rest_route=\/wp\/v2\/types\/post"}],"author":[{"embeddable":true,"href":"https:\/\/cd-68-ffc.fr\/index.php?rest_route=\/wp\/v2\/users\/1"}],"replies":[{"embeddable":true,"href":"https:\/\/cd-68-ffc.fr\/index.php?rest_route=%2Fwp%2Fv2%2Fcomments&post=1647"}],"version-history":[{"count":16,"href":"https:\/\/cd-68-ffc.fr\/index.php?rest_route=\/wp\/v2\/posts\/1647\/revisions"}],"predecessor-version":[{"id":1663,"href":"https:\/\/cd-68-ffc.fr\/index.php?rest_route=\/wp\/v2\/posts\/1647\/revisions\/1663"}],"wp:featuredmedia":[{"embeddable":true,"href":"https:\/\/cd-68-ffc.fr\/index.php?rest_route=\/wp\/v2\/media\/1640"}],"wp:attachment":[{"href":"https:\/\/cd-68-ffc.fr\/index.php?rest_route=%2Fwp%2Fv2%2Fmedia&parent=1647"}],"wp:term":[{"taxonomy":"category","embeddable":true,"href":"https:\/\/cd-68-ffc.fr\/index.php?rest_route=%2Fwp%2Fv2%2Fcategories&post=1647"},{"taxonomy":"post_tag","embeddable":true,"href":"https:\/\/cd-68-ffc.fr\/index.php?rest_route=%2Fwp%2Fv2%2Ftags&post=1647"}],"curies":[{"name":"wp","href":"https:\/\/api.w.org\/{rel}","templated":true}]}}