{"id":1721,"date":"2023-05-01T10:30:18","date_gmt":"2023-05-01T08:30:18","guid":{"rendered":"https:\/\/cd-68-ffc.fr\/?p=1721"},"modified":"2023-05-01T10:32:06","modified_gmt":"2023-05-01T08:32:06","slug":"route-deplacement-cadets-juniors","status":"publish","type":"post","link":"https:\/\/cd-68-ffc.fr\/?p=1721","title":{"rendered":"Route : D\u00e9placement Cadets\/Juniors&#8230;"},"content":{"rendered":"\t\t<div data-elementor-type=\"wp-post\" data-elementor-id=\"1721\" class=\"elementor elementor-1721\" data-elementor-post-type=\"post\">\n\t\t\t\t\t\t<section class=\"elementor-section elementor-top-section elementor-element elementor-element-5e6aec6 elementor-section-boxed elementor-section-height-default elementor-section-height-default\" data-id=\"5e6aec6\" data-element_type=\"section\" data-e-type=\"section\">\n\t\t\t\t\t\t<div class=\"elementor-container elementor-column-gap-default\">\n\t\t\t\t\t<div class=\"elementor-column elementor-col-100 elementor-top-column elementor-element elementor-element-86179ae\" data-id=\"86179ae\" data-element_type=\"column\" data-e-type=\"column\">\n\t\t\t<div class=\"elementor-widget-wrap elementor-element-populated\">\n\t\t\t\t\t\t<div class=\"elementor-element elementor-element-df5215a elementor-widget elementor-widget-text-editor\" data-id=\"df5215a\" data-element_type=\"widget\" data-e-type=\"widget\" data-widget_type=\"text-editor.default\">\n\t\t\t\t<div class=\"elementor-widget-container\">\n\t\t\t\t\t\t\t\t\t<div>\n\nRetrouvez ci-dessous toutes les informations relatives aux d\u00e9placements pr\u00e9vus des \u00e9quipes <strong><span style=\"color: #ff0000;\">U17<\/span><\/strong> <em>(Cadets)<\/em> et <strong><span style=\"color: #ff0000;\">U19<\/span><\/strong> <em>(Juniors)<\/em> de notre Comit\u00e9 D\u00e9partemental ainsi que les \u00e9quipes d\u2019encadrements et v\u00e9hicules utilis\u00e9s pour chacune d&rsquo;elles. Merci aux clubs qui nous ont aid\u00e9 \u00e0 r\u00e9soudre le probl\u00e8me de logistique et \u00e0 nos encadrants de s&rsquo;\u00eatre rendus disponibles.\n<br><br>\n<span style=\"text-decoration: underline;\"><strong>Pour les U17<\/strong><\/span><strong> (Cadets)<\/strong>\n\n<span style=\"text-decoration: underline;\"><strong><span style=\"color: #008000; text-decoration: underline;\">Dates et d\u00e9tails<\/span><\/strong><\/span> :\n\n<\/div>\n<ul>\n \t<li><strong>Coupe de France des d\u00e9partements les 20 et 21 Mai \u00e0 Villiers le Thilleul et Villiers Semeuse<\/strong>.\nD\u00e9placement avec Thierry MARIATTE avec Jean GAMEL\nV\u00e9hicules utilis\u00e9s : Voiture de L\u2019AC Thann et la Camionnette du comit\u00e9.<\/li>\n<\/ul>\n<ul>\n \t<li><strong>Coupe de France des d\u00e9partements le 10 et 11 juin \u00e0 Champagnole<\/strong> (jura).\nD\u00e9placement avec Philippe EHLINGER et Thierry MARIATTE\nV\u00e9hicules utilis\u00e9s : Voiture de Thann et la Camionnette du comit\u00e9.<\/li>\n<\/ul>\n<ul>\n \t<li><strong>Coupe de France des d\u00e9partements<\/strong> : La manche Piste aura lieu au v\u00e9lodrome de <strong>Hautepierre Strasbourg le 29 mai 23<\/strong>.\nEncadrement : Christian SCHLEWITZ et Jacques BALDECK<\/li>\n<\/ul>\n<u><strong>Pour les U19<\/strong><\/u><strong> (Juniors)<\/strong>\n\n<span style=\"text-decoration: underline;\"><strong><span style=\"color: #008000; text-decoration: underline;\">Dates et d\u00e9tails<\/span><\/strong><\/span> :\n<ul>\n \t<li><strong>La Trainhard Classic les 20 et 21 mai au Creusot<\/strong>.\nD\u00e9placement avec Philippe EHLINGER et Denis CHRISTEN\nV\u00e9hicules utilis\u00e9s : Voiture d\u2019Altkirch et la camionnette de l&rsquo;AC ThannCette \u00e9preuve qui \u00e9tait une \u00e9preuve f\u00e9d\u00e9rale Junior les ann\u00e9es pr\u00e9c\u00e9dentes est d\u00e9sormais une OPEN 1, 2, 3. Cela semble d&rsquo;ailleurs \u00eatre le cas pour d&rsquo;autres \u00e9preuves de ce type. L&rsquo;\u00e9quipe du Haut-Rhin sera donc compos\u00e9e de 4 U19 et 2 U23 (espoirs) de ces cat\u00e9gories soit tous OPEN\u00a0 1,2 ou 3<\/li>\n<\/ul>\n<ul>\n \t<li><strong>La classique des Bourbons aura lieu les 2 et 3 septembre<\/strong>.\nEpreuve F\u00e9d\u00e9rale U19. Nous vous communiquerons ult\u00e9rieurement des informations pr\u00e9cises fin juin.<\/li>\n<\/ul>\t\t\t\t\t\t\t\t<\/div>\n\t\t\t\t<\/div>\n\t\t\t\t<section class=\"elementor-section elementor-inner-section elementor-element elementor-element-09889bb elementor-section-boxed elementor-section-height-default elementor-section-height-default\" data-id=\"09889bb\" data-element_type=\"section\" data-e-type=\"section\">\n\t\t\t\t\t\t<div class=\"elementor-container elementor-column-gap-default\">\n\t\t\t\t\t<div class=\"elementor-column elementor-col-100 elementor-inner-column elementor-element elementor-element-9e541cf\" data-id=\"9e541cf\" data-element_type=\"column\" data-e-type=\"column\">\n\t\t\t<div class=\"elementor-widget-wrap\">\n\t\t\t\t\t\t\t<\/div>\n\t\t<\/div>\n\t\t\t\t\t<\/div>\n\t\t<\/section>\n\t\t\t\t\t<\/div>\n\t\t<\/div>\n\t\t\t\t\t<\/div>\n\t\t<\/section>\n\t\t\t\t<\/div>\n\t\t","protected":false},"excerpt":{"rendered":"<p>Retrouvez ci-dessous toutes les informations relatives aux d\u00e9placements pr\u00e9vus des \u00e9quipes U17 (Cadets) et U19 (Juniors) de notre Comit\u00e9 D\u00e9partemental ainsi que les \u00e9quipes d\u2019encadrements et v\u00e9hicules utilis\u00e9s pour chacune d&rsquo;elles. Merci aux clubs qui nous ont aid\u00e9 \u00e0 r\u00e9soudre le probl\u00e8me de logistique et \u00e0 nos encadrants de s&rsquo;\u00eatre rendus disponibles. Pour les U17 [&hellip;]<\/p>\n","protected":false},"author":1,"featured_media":1455,"comment_status":"closed","ping_status":"closed","sticky":false,"template":"","format":"standard","meta":{"site-sidebar-layout":"default","site-content-layout":"","ast-site-content-layout":"default","site-content-style":"default","site-sidebar-style":"default","ast-global-header-display":"","ast-banner-title-visibility":"","ast-main-header-display":"","ast-hfb-above-header-display":"","ast-hfb-below-header-display":"","ast-hfb-mobile-header-display":"","site-post-title":"","ast-breadcrumbs-content":"","ast-featured-img":"","footer-sml-layout":"","theme-transparent-header-meta":"","adv-header-id-meta":"","stick-header-meta":"","header-above-stick-meta":"","header-main-stick-meta":"","header-below-stick-meta":"","astra-migrate-meta-layouts":"default","ast-page-background-enabled":"default","ast-page-background-meta":{"desktop":{"background-color":"","background-image":"","background-repeat":"repeat","background-position":"center center","background-size":"auto","background-attachment":"scroll","background-type":"","background-media":"","overlay-type":"","overlay-color":"","overlay-opacity":"","overlay-gradient":""},"tablet":{"background-color":"","background-image":"","background-repeat":"repeat","background-position":"center center","background-size":"auto","background-attachment":"scroll","background-type":"","background-media":"","overlay-type":"","overlay-color":"","overlay-opacity":"","overlay-gradient":""},"mobile":{"background-color":"","background-image":"","background-repeat":"repeat","background-position":"center center","background-size":"auto","background-attachment":"scroll","background-type":"","background-media":"","overlay-type":"","overlay-color":"","overlay-opacity":"","overlay-gradient":""}},"ast-content-background-meta":{"desktop":{"background-color":"var(--ast-global-color-5)","background-image":"","background-repeat":"repeat","background-position":"center center","background-size":"auto","background-attachment":"scroll","background-type":"","background-media":"","overlay-type":"","overlay-color":"","overlay-opacity":"","overlay-gradient":""},"tablet":{"background-color":"var(--ast-global-color-5)","background-image":"","background-repeat":"repeat","background-position":"center center","background-size":"auto","background-attachment":"scroll","background-type":"","background-media":"","overlay-type":"","overlay-color":"","overlay-opacity":"","overlay-gradient":""},"mobile":{"background-color":"var(--ast-global-color-5)","background-image":"","background-repeat":"repeat","background-position":"center center","background-size":"auto","background-attachment":"scroll","background-type":"","background-media":"","overlay-type":"","overlay-color":"","overlay-opacity":"","overlay-gradient":""}},"footnotes":""},"categories":[15],"tags":[],"class_list":["post-1721","post","type-post","status-publish","format-standard","has-post-thumbnail","hentry","category-route"],"_links":{"self":[{"href":"https:\/\/cd-68-ffc.fr\/index.php?rest_route=\/wp\/v2\/posts\/1721","targetHints":{"allow":["GET"]}}],"collection":[{"href":"https:\/\/cd-68-ffc.fr\/index.php?rest_route=\/wp\/v2\/posts"}],"about":[{"href":"https:\/\/cd-68-ffc.fr\/index.php?rest_route=\/wp\/v2\/types\/post"}],"author":[{"embeddable":true,"href":"https:\/\/cd-68-ffc.fr\/index.php?rest_route=\/wp\/v2\/users\/1"}],"replies":[{"embeddable":true,"href":"https:\/\/cd-68-ffc.fr\/index.php?rest_route=%2Fwp%2Fv2%2Fcomments&post=1721"}],"version-history":[{"count":19,"href":"https:\/\/cd-68-ffc.fr\/index.php?rest_route=\/wp\/v2\/posts\/1721\/revisions"}],"predecessor-version":[{"id":1740,"href":"https:\/\/cd-68-ffc.fr\/index.php?rest_route=\/wp\/v2\/posts\/1721\/revisions\/1740"}],"wp:featuredmedia":[{"embeddable":true,"href":"https:\/\/cd-68-ffc.fr\/index.php?rest_route=\/wp\/v2\/media\/1455"}],"wp:attachment":[{"href":"https:\/\/cd-68-ffc.fr\/index.php?rest_route=%2Fwp%2Fv2%2Fmedia&parent=1721"}],"wp:term":[{"taxonomy":"category","embeddable":true,"href":"https:\/\/cd-68-ffc.fr\/index.php?rest_route=%2Fwp%2Fv2%2Fcategories&post=1721"},{"taxonomy":"post_tag","embeddable":true,"href":"https:\/\/cd-68-ffc.fr\/index.php?rest_route=%2Fwp%2Fv2%2Ftags&post=1721"}],"curies":[{"name":"wp","href":"https:\/\/api.w.org\/{rel}","templated":true}]}}