{"id":1822,"date":"2024-01-24T21:58:16","date_gmt":"2024-01-24T20:58:16","guid":{"rendered":"https:\/\/cd-68-ffc.fr\/?p=1822"},"modified":"2024-01-24T21:58:16","modified_gmt":"2024-01-24T20:58:16","slug":"route-rassemblement-u17-u19-et-u23","status":"publish","type":"post","link":"https:\/\/cd-68-ffc.fr\/?p=1822","title":{"rendered":"Route : Rassemblement U17, U19 et U23\u2026"},"content":{"rendered":"\t\t<div data-elementor-type=\"wp-post\" data-elementor-id=\"1822\" class=\"elementor elementor-1822\" data-elementor-post-type=\"post\">\n\t\t\t\t\t\t<section class=\"elementor-section elementor-top-section elementor-element elementor-element-ea8a1a3 elementor-section-boxed elementor-section-height-default elementor-section-height-default\" data-id=\"ea8a1a3\" data-element_type=\"section\" data-e-type=\"section\">\n\t\t\t\t\t\t<div class=\"elementor-container elementor-column-gap-default\">\n\t\t\t\t\t<div class=\"elementor-column elementor-col-100 elementor-top-column elementor-element elementor-element-b07f126\" data-id=\"b07f126\" data-element_type=\"column\" data-e-type=\"column\">\n\t\t\t<div class=\"elementor-widget-wrap elementor-element-populated\">\n\t\t\t\t\t\t<div class=\"elementor-element elementor-element-26972cb elementor-widget elementor-widget-text-editor\" data-id=\"26972cb\" data-element_type=\"widget\" data-e-type=\"widget\" data-widget_type=\"text-editor.default\">\n\t\t\t\t<div class=\"elementor-widget-container\">\n\t\t\t\t\t\t\t\t\t<div>\n<p style=\"padding-left: 40px;\">La comit\u00e9 d\u00e9partemental du Haut-Rhin organise 4 rassemblements encadr\u00e9s des \u00e9quipes <strong><span style=\"color: #ff0000;\">U17<\/span><\/strong> <em>(Cadets)<\/em>, <strong><span style=\"color: #ff0000;\">U19<\/span><\/strong> <em>(Juniors)<\/em> et <span style=\"color: #ff0000;\"><b>U23<\/b><\/span> (<em>Espoirs<\/em>) sur trois sites diff\u00e9rents en collaboration avec 4 clubs h\u00f4tes. Les cadres sportifs sont \u00e9galement le bienvenu.<\/p>\n<p><span style=\"text-decoration: underline;\"><strong><span style=\"color: #008000; text-decoration: underline;\">Dates et d\u00e9tails<\/span><\/strong><\/span> :<\/p>\n<\/div>\n<ul>\n<li><strong>Samedi 3 f\u00e9vrier \u00e0 13:30 \u00e0 Habsheim&nbsp; <\/strong><i>(club recevant : SSOL Habsheim)<\/i><br>Rendez-vous : local SSOL Habsheim &#8211; 14 rue de Petit Landau \/ Habsheim<br>Contact : Christian ZINGLE (06 31 37 51 24)<\/li>\n<\/ul>\n<ul>\n<li><strong>Samedi 10 f\u00e9vrier \u00e0 13:30 \u00e0 Ste-Croix-en-Plaine <\/strong>(<i>club recevant : V.C.S.C.P<\/i>)<br>Rendez-vous : Mairie de Ste-croix-en-plaine (<i>parking derri\u00e8re la mairie<\/i>)<br>Contact : Pascal RUHLMANN (06 49 10 18 92)<\/li>\n<\/ul>\n<ul>\n<li><strong>Samedi 17 f\u00e9vrier \u00e0 10:30\/10:45 \u00e0 Altkirch&nbsp;<\/strong> (<i>club recevant : VCS Altkich<\/i>)<br>Rendez-vous&nbsp; : Parking de la C.E.A &#8211; Quartier Plessis \u00e0 Altkirch<br>Contact : Martin DESCHATRES (06 06 83 32 65)\n<ul>\n<li>Ce rassemblement aura un caract\u00e8re sp\u00e9cial car dans le cadre du C.L.AC et sur une id\u00e9e du comit\u00e9 d&rsquo;organisation des Championnats de France de l&rsquo;avenir, il servira de pr\u00e9sentation des parcours officiels de ces Championnats.<br><\/li>\n<\/ul>\n<\/li>\n<\/ul>\n<ul>\n<li><strong>Samedi 24 f\u00e9vrier \u00e0 Balschwiller<\/strong> (<i>cub recevant : VCS Altkirch<\/i>)<br>Rendez-vous : 20 rue du 27 novembre \u00e0 Balschwiller<br>Contact : Ren\u00e9 SCHLIENGER (07 77 32 51 00)<\/li>\n<\/ul>\n<ul>\n<li><strong>Chacune de ces sorties sera suivie d&rsquo;un gouter sur le lieu d&rsquo;accueil<\/strong>.<\/li>\n<\/ul>\t\t\t\t\t\t\t\t<\/div>\n\t\t\t\t<\/div>\n\t\t\t\t<section class=\"elementor-section elementor-inner-section elementor-element elementor-element-2d718a3 elementor-section-boxed elementor-section-height-default elementor-section-height-default\" data-id=\"2d718a3\" data-element_type=\"section\" data-e-type=\"section\">\n\t\t\t\t\t\t<div class=\"elementor-container elementor-column-gap-default\">\n\t\t\t\t\t<div class=\"elementor-column elementor-col-100 elementor-inner-column elementor-element elementor-element-ecfa0eb\" data-id=\"ecfa0eb\" data-element_type=\"column\" data-e-type=\"column\">\n\t\t\t<div class=\"elementor-widget-wrap\">\n\t\t\t\t\t\t\t<\/div>\n\t\t<\/div>\n\t\t\t\t\t<\/div>\n\t\t<\/section>\n\t\t\t\t\t<\/div>\n\t\t<\/div>\n\t\t\t\t\t<\/div>\n\t\t<\/section>\n\t\t\t\t<\/div>\n\t\t","protected":false},"excerpt":{"rendered":"<p>La comit\u00e9 d\u00e9partemental du Haut-Rhin organise 4 rassemblements encadr\u00e9s des \u00e9quipes U17 (Cadets), U19 (Juniors) et U23 (Espoirs) sur trois sites diff\u00e9rents en collaboration avec 4 clubs h\u00f4tes. Les cadres sportifs sont \u00e9galement le bienvenu. Dates et d\u00e9tails : Samedi 3 f\u00e9vrier \u00e0 13:30 \u00e0 Habsheim&nbsp; (club recevant : SSOL Habsheim)Rendez-vous : local SSOL Habsheim [&hellip;]<\/p>\n","protected":false},"author":1,"featured_media":1455,"comment_status":"closed","ping_status":"closed","sticky":false,"template":"","format":"standard","meta":{"site-sidebar-layout":"default","site-content-layout":"","ast-site-content-layout":"default","site-content-style":"default","site-sidebar-style":"default","ast-global-header-display":"","ast-banner-title-visibility":"","ast-main-header-display":"","ast-hfb-above-header-display":"","ast-hfb-below-header-display":"","ast-hfb-mobile-header-display":"","site-post-title":"","ast-breadcrumbs-content":"","ast-featured-img":"","footer-sml-layout":"","theme-transparent-header-meta":"","adv-header-id-meta":"","stick-header-meta":"","header-above-stick-meta":"","header-main-stick-meta":"","header-below-stick-meta":"","astra-migrate-meta-layouts":"default","ast-page-background-enabled":"default","ast-page-background-meta":{"desktop":{"background-color":"","background-image":"","background-repeat":"repeat","background-position":"center center","background-size":"auto","background-attachment":"scroll","background-type":"","background-media":"","overlay-type":"","overlay-color":"","overlay-opacity":"","overlay-gradient":""},"tablet":{"background-color":"","background-image":"","background-repeat":"repeat","background-position":"center center","background-size":"auto","background-attachment":"scroll","background-type":"","background-media":"","overlay-type":"","overlay-color":"","overlay-opacity":"","overlay-gradient":""},"mobile":{"background-color":"","background-image":"","background-repeat":"repeat","background-position":"center center","background-size":"auto","background-attachment":"scroll","background-type":"","background-media":"","overlay-type":"","overlay-color":"","overlay-opacity":"","overlay-gradient":""}},"ast-content-background-meta":{"desktop":{"background-color":"var(--ast-global-color-5)","background-image":"","background-repeat":"repeat","background-position":"center center","background-size":"auto","background-attachment":"scroll","background-type":"","background-media":"","overlay-type":"","overlay-color":"","overlay-opacity":"","overlay-gradient":""},"tablet":{"background-color":"var(--ast-global-color-5)","background-image":"","background-repeat":"repeat","background-position":"center center","background-size":"auto","background-attachment":"scroll","background-type":"","background-media":"","overlay-type":"","overlay-color":"","overlay-opacity":"","overlay-gradient":""},"mobile":{"background-color":"var(--ast-global-color-5)","background-image":"","background-repeat":"repeat","background-position":"center center","background-size":"auto","background-attachment":"scroll","background-type":"","background-media":"","overlay-type":"","overlay-color":"","overlay-opacity":"","overlay-gradient":""}},"footnotes":""},"categories":[15],"tags":[],"class_list":["post-1822","post","type-post","status-publish","format-standard","has-post-thumbnail","hentry","category-route"],"_links":{"self":[{"href":"https:\/\/cd-68-ffc.fr\/index.php?rest_route=\/wp\/v2\/posts\/1822","targetHints":{"allow":["GET"]}}],"collection":[{"href":"https:\/\/cd-68-ffc.fr\/index.php?rest_route=\/wp\/v2\/posts"}],"about":[{"href":"https:\/\/cd-68-ffc.fr\/index.php?rest_route=\/wp\/v2\/types\/post"}],"author":[{"embeddable":true,"href":"https:\/\/cd-68-ffc.fr\/index.php?rest_route=\/wp\/v2\/users\/1"}],"replies":[{"embeddable":true,"href":"https:\/\/cd-68-ffc.fr\/index.php?rest_route=%2Fwp%2Fv2%2Fcomments&post=1822"}],"version-history":[{"count":16,"href":"https:\/\/cd-68-ffc.fr\/index.php?rest_route=\/wp\/v2\/posts\/1822\/revisions"}],"predecessor-version":[{"id":1838,"href":"https:\/\/cd-68-ffc.fr\/index.php?rest_route=\/wp\/v2\/posts\/1822\/revisions\/1838"}],"wp:featuredmedia":[{"embeddable":true,"href":"https:\/\/cd-68-ffc.fr\/index.php?rest_route=\/wp\/v2\/media\/1455"}],"wp:attachment":[{"href":"https:\/\/cd-68-ffc.fr\/index.php?rest_route=%2Fwp%2Fv2%2Fmedia&parent=1822"}],"wp:term":[{"taxonomy":"category","embeddable":true,"href":"https:\/\/cd-68-ffc.fr\/index.php?rest_route=%2Fwp%2Fv2%2Fcategories&post=1822"},{"taxonomy":"post_tag","embeddable":true,"href":"https:\/\/cd-68-ffc.fr\/index.php?rest_route=%2Fwp%2Fv2%2Ftags&post=1822"}],"curies":[{"name":"wp","href":"https:\/\/api.w.org\/{rel}","templated":true}]}}