{"id":2637,"date":"2026-03-13T14:06:42","date_gmt":"2026-03-13T13:06:42","guid":{"rendered":"https:\/\/cd-68-ffc.fr\/?p=2637"},"modified":"2026-03-13T14:11:41","modified_gmt":"2026-03-13T13:11:41","slug":"route-trophee-alsace-jeunes-cyclistes","status":"publish","type":"post","link":"https:\/\/cd-68-ffc.fr\/?p=2637","title":{"rendered":"Route : Troph\u00e9e Alsace Jeunes Cyclistes"},"content":{"rendered":"\t\t<div data-elementor-type=\"wp-post\" data-elementor-id=\"2637\" class=\"elementor elementor-2637\" data-elementor-post-type=\"post\">\n\t\t\t\t\t\t<section class=\"elementor-section elementor-top-section elementor-element elementor-element-494f27c elementor-section-boxed elementor-section-height-default elementor-section-height-default\" data-id=\"494f27c\" data-element_type=\"section\" data-e-type=\"section\">\n\t\t\t\t\t\t<div class=\"elementor-container elementor-column-gap-default\">\n\t\t\t\t\t<div class=\"elementor-column elementor-col-100 elementor-top-column elementor-element elementor-element-6fb0140\" data-id=\"6fb0140\" data-element_type=\"column\" data-e-type=\"column\">\n\t\t\t<div class=\"elementor-widget-wrap elementor-element-populated\">\n\t\t\t\t\t\t<div class=\"elementor-element elementor-element-80f7115 elementor-widget elementor-widget-text-editor\" data-id=\"80f7115\" data-element_type=\"widget\" data-e-type=\"widget\" data-widget_type=\"text-editor.default\">\n\t\t\t\t<div class=\"elementor-widget-container\">\n\t\t\t\t\t\t\t\t\t<h6><b>T.A.J.C 2026<\/b><\/h6>\n<div>Le Comit\u00e9 de Liaison Alsace Cyclisme (CLAC), par l&rsquo;interm\u00e9diaire des 2 comit\u00e9s d\u00e9partementaux <em>(Haut-Rhin &amp; Bas-Rhin)<\/em>, met en comp\u00e9tition le \u00ab <strong>Troph\u00e9e Alsace des Jeunes Cyclistes<\/strong> \u00bb (T.A.J.C) regroupant l\u2019ensemble des \u00e9preuves Alsaciennes.<\/div><div><br><\/div>\n<p>Le classement g\u00e9n\u00e9ral du \u00ab T.A.J.C \u00bb ne prendra en compte que les jeunes licenci\u00e9s Alsaciens.<\/p>\t\t\t\t\t\t\t\t<\/div>\n\t\t\t\t<\/div>\n\t\t\t\t<section class=\"elementor-section elementor-inner-section elementor-element elementor-element-054e85c elementor-section-boxed elementor-section-height-default elementor-section-height-default\" data-id=\"054e85c\" data-element_type=\"section\" data-e-type=\"section\">\n\t\t\t\t\t\t<div class=\"elementor-container elementor-column-gap-default\">\n\t\t\t\t\t<div class=\"elementor-column elementor-col-100 elementor-inner-column elementor-element elementor-element-b6d1149\" data-id=\"b6d1149\" data-element_type=\"column\" data-e-type=\"column\">\n\t\t\t<div class=\"elementor-widget-wrap elementor-element-populated\">\n\t\t\t\t\t\t<div class=\"elementor-element elementor-element-ce71348 elementor-align-center elementor-widget elementor-widget-button\" data-id=\"ce71348\" data-element_type=\"widget\" data-e-type=\"widget\" data-widget_type=\"button.default\">\n\t\t\t\t<div class=\"elementor-widget-container\">\n\t\t\t\t\t\t\t\t\t<div class=\"elementor-button-wrapper\">\n\t\t\t\t\t<a class=\"elementor-button elementor-button-link elementor-size-sm\" href=\"https:\/\/cd-68-ffc.fr\/?page_id=2627\" target=\"_blank\">\n\t\t\t\t\t\t<span class=\"elementor-button-content-wrapper\">\n\t\t\t\t\t\t<span class=\"elementor-button-icon\">\n\t\t\t\t<i aria-hidden=\"true\" class=\"fas fa-arrow-alt-circle-right\"><\/i>\t\t\t<\/span>\n\t\t\t\t\t\t\t\t\t<span class=\"elementor-button-text\">Lire toutes les infos ...<\/span>\n\t\t\t\t\t<\/span>\n\t\t\t\t\t<\/a>\n\t\t\t\t<\/div>\n\t\t\t\t\t\t\t\t<\/div>\n\t\t\t\t<\/div>\n\t\t\t\t\t<\/div>\n\t\t<\/div>\n\t\t\t\t\t<\/div>\n\t\t<\/section>\n\t\t\t\t\t<\/div>\n\t\t<\/div>\n\t\t\t\t\t<\/div>\n\t\t<\/section>\n\t\t\t\t<\/div>\n\t\t","protected":false},"excerpt":{"rendered":"<p>T.A.J.C 2026 Le Comit\u00e9 de Liaison Alsace Cyclisme (CLAC), par l&rsquo;interm\u00e9diaire des 2 comit\u00e9s d\u00e9partementaux (Haut-Rhin &amp; Bas-Rhin), met en comp\u00e9tition le \u00ab Troph\u00e9e Alsace des Jeunes Cyclistes \u00bb (T.A.J.C) regroupant l\u2019ensemble des \u00e9preuves Alsaciennes. Le classement g\u00e9n\u00e9ral du \u00ab T.A.J.C \u00bb ne prendra en compte que les jeunes licenci\u00e9s Alsaciens. Lire toutes les infos [&hellip;]<\/p>\n","protected":false},"author":1,"featured_media":1455,"comment_status":"closed","ping_status":"closed","sticky":false,"template":"","format":"standard","meta":{"site-sidebar-layout":"default","site-content-layout":"","ast-site-content-layout":"default","site-content-style":"default","site-sidebar-style":"default","ast-global-header-display":"","ast-banner-title-visibility":"","ast-main-header-display":"","ast-hfb-above-header-display":"","ast-hfb-below-header-display":"","ast-hfb-mobile-header-display":"","site-post-title":"","ast-breadcrumbs-content":"","ast-featured-img":"","footer-sml-layout":"","theme-transparent-header-meta":"","adv-header-id-meta":"","stick-header-meta":"","header-above-stick-meta":"","header-main-stick-meta":"","header-below-stick-meta":"","astra-migrate-meta-layouts":"set","ast-page-background-enabled":"default","ast-page-background-meta":{"desktop":{"background-color":"","background-image":"","background-repeat":"repeat","background-position":"center center","background-size":"auto","background-attachment":"scroll","background-type":"","background-media":"","overlay-type":"","overlay-color":"","overlay-opacity":"","overlay-gradient":""},"tablet":{"background-color":"","background-image":"","background-repeat":"repeat","background-position":"center center","background-size":"auto","background-attachment":"scroll","background-type":"","background-media":"","overlay-type":"","overlay-color":"","overlay-opacity":"","overlay-gradient":""},"mobile":{"background-color":"","background-image":"","background-repeat":"repeat","background-position":"center center","background-size":"auto","background-attachment":"scroll","background-type":"","background-media":"","overlay-type":"","overlay-color":"","overlay-opacity":"","overlay-gradient":""}},"ast-content-background-meta":{"desktop":{"background-color":"var(--ast-global-color-5)","background-image":"","background-repeat":"repeat","background-position":"center center","background-size":"auto","background-attachment":"scroll","background-type":"","background-media":"","overlay-type":"","overlay-color":"","overlay-opacity":"","overlay-gradient":""},"tablet":{"background-color":"var(--ast-global-color-5)","background-image":"","background-repeat":"repeat","background-position":"center center","background-size":"auto","background-attachment":"scroll","background-type":"","background-media":"","overlay-type":"","overlay-color":"","overlay-opacity":"","overlay-gradient":""},"mobile":{"background-color":"var(--ast-global-color-5)","background-image":"","background-repeat":"repeat","background-position":"center center","background-size":"auto","background-attachment":"scroll","background-type":"","background-media":"","overlay-type":"","overlay-color":"","overlay-opacity":"","overlay-gradient":""}},"footnotes":""},"categories":[15],"tags":[],"class_list":["post-2637","post","type-post","status-publish","format-standard","has-post-thumbnail","hentry","category-route"],"_links":{"self":[{"href":"https:\/\/cd-68-ffc.fr\/index.php?rest_route=\/wp\/v2\/posts\/2637","targetHints":{"allow":["GET"]}}],"collection":[{"href":"https:\/\/cd-68-ffc.fr\/index.php?rest_route=\/wp\/v2\/posts"}],"about":[{"href":"https:\/\/cd-68-ffc.fr\/index.php?rest_route=\/wp\/v2\/types\/post"}],"author":[{"embeddable":true,"href":"https:\/\/cd-68-ffc.fr\/index.php?rest_route=\/wp\/v2\/users\/1"}],"replies":[{"embeddable":true,"href":"https:\/\/cd-68-ffc.fr\/index.php?rest_route=%2Fwp%2Fv2%2Fcomments&post=2637"}],"version-history":[{"count":10,"href":"https:\/\/cd-68-ffc.fr\/index.php?rest_route=\/wp\/v2\/posts\/2637\/revisions"}],"predecessor-version":[{"id":2647,"href":"https:\/\/cd-68-ffc.fr\/index.php?rest_route=\/wp\/v2\/posts\/2637\/revisions\/2647"}],"wp:featuredmedia":[{"embeddable":true,"href":"https:\/\/cd-68-ffc.fr\/index.php?rest_route=\/wp\/v2\/media\/1455"}],"wp:attachment":[{"href":"https:\/\/cd-68-ffc.fr\/index.php?rest_route=%2Fwp%2Fv2%2Fmedia&parent=2637"}],"wp:term":[{"taxonomy":"category","embeddable":true,"href":"https:\/\/cd-68-ffc.fr\/index.php?rest_route=%2Fwp%2Fv2%2Fcategories&post=2637"},{"taxonomy":"post_tag","embeddable":true,"href":"https:\/\/cd-68-ffc.fr\/index.php?rest_route=%2Fwp%2Fv2%2Ftags&post=2637"}],"curies":[{"name":"wp","href":"https:\/\/api.w.org\/{rel}","templated":true}]}}