{"id":937,"date":"2022-10-19T10:48:39","date_gmt":"2022-10-19T08:48:39","guid":{"rendered":"https:\/\/cd-68-ffc.fr\/?p=937"},"modified":"2022-10-29T13:19:39","modified_gmt":"2022-10-29T11:19:39","slug":"modification-des-publics-soumis-a-la-surveillance-medicale-reglementaire-de-la-ffc","status":"publish","type":"post","link":"https:\/\/cd-68-ffc.fr\/?p=937","title":{"rendered":"Modification des publics soumis \u00e0 la S.M.R de la FFC"},"content":{"rendered":"\t\t<div data-elementor-type=\"wp-post\" data-elementor-id=\"937\" class=\"elementor elementor-937\" data-elementor-post-type=\"post\">\n\t\t\t\t\t\t<section class=\"elementor-section elementor-top-section elementor-element elementor-element-155cf03 elementor-section-boxed elementor-section-height-default elementor-section-height-default\" data-id=\"155cf03\" data-element_type=\"section\" data-e-type=\"section\">\n\t\t\t\t\t\t<div class=\"elementor-container elementor-column-gap-default\">\n\t\t\t\t\t<div class=\"elementor-column elementor-col-100 elementor-top-column elementor-element elementor-element-39ecb85\" data-id=\"39ecb85\" data-element_type=\"column\" data-e-type=\"column\">\n\t\t\t<div class=\"elementor-widget-wrap elementor-element-populated\">\n\t\t\t\t\t\t<div class=\"elementor-element elementor-element-9c8bfbf elementor-widget elementor-widget-text-editor\" data-id=\"9c8bfbf\" data-element_type=\"widget\" data-e-type=\"widget\" data-widget_type=\"text-editor.default\">\n\t\t\t\t<div class=\"elementor-widget-container\">\n\t\t\t\t\t\t\t\t\t<p><b>Code du sport \u2013 Publics soumis \u00e0 la SMR<\/b><\/p><p>Pour rappel, l\u2019article L. 231-6 (LOI n\u00b02015-1541 du 27 novembre 2015 &#8211; art. 24 (V)) d\u00e9finit les sportifs soumis \u00e0 la Surveillance M\u00e9dicale R\u00e8glementaire (SMR), comprenant les sportifs list\u00e9s sur liste des sportifs de haut niveau, des sportifs espoirs, des sportifs rel\u00e8ves et sportifs des collectifs nationaux, ainsi que les sportifs reconnus dans le projet de performance f\u00e9d\u00e9rale (PPF).<\/p><p><b>Code du sport : objectif de la SMR<\/b><\/p><p>Par ailleurs, l\u2019article R. 231-3 (D\u00e9cret n\u00b02016-1286 du 29 septembre 2016 &#8211; art. 13) d\u00e9finit l\u2019objectif de la SMR : \u00ab La surveillance m\u00e9dicale\u2026. a pour but de pr\u00e9venir les risques sanitaires inh\u00e9rents \u00e0 la pratique sportive intensive. \u00bb<\/p><p><b>Historique et \u00e9volution<\/b><\/p><p>Dans les ann\u00e9es 2000, un suivi longitudinal a \u00e9t\u00e9 mis en place par la FFC \u2013 suivi comprenant des bilans biologiques r\u00e9p\u00e9t\u00e9s li\u00e9s \u00e0 la SMR et \u00e9largi \u00e0 des publics int\u00e9grant les cyclistes de premi\u00e8res cat\u00e9gories (300 premiers du classement route notamment) et cyclistes des groupes sportifs professionnels. Ce suivi, m\u00eame si son but \u00e9tait directement li\u00e9 \u00e0 la protection de la sant\u00e9, a \u00e9t\u00e9 identifi\u00e9 par beaucoup comme un moyen de contr\u00f4le indirect des conduites dopantes. Il a en effet pu permettre \u00e0 l\u2019\u00e9poque de d\u00e9tecter des anomalies \u00e9vocatrices.<br \/>L\u2019exp\u00e9rience de ces derni\u00e8res ann\u00e9es a montr\u00e9 que la SMR, n\u2019a pas d\u2019utilit\u00e9 dans ce sens &#8211; les grandes anomalies biologiques qui ont pu \u00eatre identifi\u00e9es dans le pass\u00e9 ne se voient plus aujourd\u2019hui. <br \/>Il est \u00e0 noter cependant que l\u00e0 n&rsquo;est pas le r\u00f4le du m\u00e9dical, ni m\u00eame de la f\u00e9d\u00e9ration. Puisque pour m\u00e9moire, la comp\u00e9tence disciplinaire des f\u00e9d\u00e9rations sportives nationales a \u00e9t\u00e9 supprim\u00e9e en 2019 (D\u00e9cret n\u00b0 2019-322 du 12 avril 2019), cela induit que l&rsquo;antidopage n&rsquo;est plus du ressort des f\u00e9d\u00e9rations. Par contre, les f\u00e9d\u00e9rations se doivent d&rsquo;inscrire dans leur projet un plan de pr\u00e9vention du dopage &#8211; plan sur lequel la FFC est tr\u00e8s active.<br \/>Sur le plan m\u00e9dical il n&rsquo;est pas justifi\u00e9 de poursuivre un suivi f\u00e9d\u00e9ral sp\u00e9cifique de cyclistes amateurs hors public cibl\u00e9 par le code du sport. Nombre de ces athl\u00e8tes ont un suivi m\u00e9dical dont la responsabilit\u00e9 appartient \u00e0 leur structure d&rsquo;appartenance.<br \/>Enfin, le co\u00fbt des bilans r\u00e9alis\u00e9s est cons\u00e9quent et doit \u00eatre redistribu\u00e9 vers des actions de terrain, notamment vers des actions de pr\u00e9vention.<\/p><p><b>D\u00e9finition actuelle des publics soumis \u00e0 la SMR dans le r\u00e8glement m\u00e9dical f\u00e9d\u00e9ral<\/b><\/p><p><i><u>Pour les hommes aux<\/u><\/i> :<\/p><ul><li>Coureurs membres d\u2019un groupe sportif fran\u00e7ais, titulaires d\u2019une licence fran\u00e7aise<\/li><li>Coureurs titulaires d\u2019une licence FFC, membres d\u2019un groupe sportif \u00e9tranger<\/li><li>Coureurs de 1\u00e8re cat\u00e9gorie route faisant partie des 300 premiers s\u00e9niors du classement national par points FFC<\/li><li>Coureurs de 1\u00e8re cat\u00e9gorie VTT, BMX, Piste, Cyclocross<\/li><li>Coureurs professionnels requalifi\u00e9s en 1\u00e8re cat\u00e9gorie<\/li><li>Coureurs \u00e9trangers de 1\u00e8re cat\u00e9gorie (avec 8 points au classement UCI) titulaire d\u2019une attestation d\u2019appartenance d\u00e9livr\u00e9e au titre d\u2019un club fran\u00e7ais<\/li><li>Coureurs inscrits sur la liste minist\u00e9rielle des Sportifs de Haut Niveau<\/li><li>Coureurs non-inscrits sur la liste des sportifs de haut niveau et reconnus dans le projet de performance f\u00e9d\u00e9ral<\/li><\/ul><p><u>Pour les femmes aux<\/u> :<\/p><ul><li>Coureurs fran\u00e7ais et \u00e9trangers dames membres d\u2019une \u00e9quipe UCI fran\u00e7aise<\/li><li>Coureurs \u00e9trangers dames titulaires d\u2019une licence FFC ou d\u2019une attestation au titre d\u2019un club fran\u00e7ais de 1\u00e8re cat\u00e9gorie<\/li><li>Coureurs de 1\u00e8re cat\u00e9gorie route faisant partie des 25 premi\u00e8res du classement national par points FFC<\/li><li>Coureurs de 1\u00e8re cat\u00e9gorie VTT, BMX, Piste, Cyclocross<\/li><li>Coureurs inscrits sur la liste minist\u00e9rielle des Sportifs de Haut Niveau<\/li><li>Coureurs non-inscrits sur la liste des sportifs de haut niveau et reconnus dans le projet de performance f\u00e9d\u00e9ral<\/li><\/ul><p><b>D\u00e9cision du bureau ex\u00e9cutif\u00a0 valid\u00e9 par le Conseil f\u00e9d\u00e9ral<\/b><\/p><p>Les sportifs amateurs non concern\u00e9s par le code du sport (Non list\u00e9s et ne faisant pas partie du PPF) ne seront plus soumis \u00e0 la SMR \u00e0 partir de la saison 2023.<\/p><p><b>Nouvelle d\u00e9finition des publics soumis \u00e0 la SMR dans le r\u00e8glement m\u00e9dical f\u00e9d\u00e9ral<\/b><\/p><p><i><u>Pour les hommes aux<\/u><\/i> :<\/p><ul><li>Coureurs membres d\u2019un groupe sportif fran\u00e7ais, titulaires d\u2019une licence fran\u00e7aise<\/li><li>Coureurs titulaires d\u2019une licence FFC, membres d\u2019un groupe sportif \u00e9tranger<\/li><li>Coureurs inscrits sur la liste minist\u00e9rielle des Sportifs de Haut Niveau<\/li><li>Coureurs non-inscrits sur la liste des sportifs de haut niveau et reconnus dans le projet de performance f\u00e9d\u00e9ral<\/li><\/ul><p><i><u>Pour les femmes aux<\/u><\/i> :<\/p><ul><li>Coureurs fran\u00e7ais et \u00e9trangers dames membres d\u2019une \u00e9quipe UCI fran\u00e7aise<\/li><li>Coureurs inscrits sur la liste minist\u00e9rielle des Sportifs de Haut Niveau<\/li><li>Coureurs non-inscrits sur la liste des sportifs de haut niveau et reconnus dans le projet de performance f\u00e9d\u00e9ral \u00ab\u00a0<\/li><\/ul><p>En cons\u00e9quence, \u00e0 partir de la saison 2023, il ne sera plus demand\u00e9 aux cyclistes amateurs non list\u00e9s et non reconnus dans le plan de performance f\u00e9d\u00e9ral de bilans dans le cadre de la surveillance m\u00e9dicale r\u00e8glementaire.<\/p>\t\t\t\t\t\t\t\t<\/div>\n\t\t\t\t<\/div>\n\t\t\t\t\t<\/div>\n\t\t<\/div>\n\t\t\t\t\t<\/div>\n\t\t<\/section>\n\t\t\t\t<\/div>\n\t\t","protected":false},"excerpt":{"rendered":"<p>Le conseil f\u00e9d\u00e9ral de la FFC \u00e0 valid\u00e9 le 7 octobre 2022, un modification du r\u00e8glement f\u00e9d\u00e9ral concernant le public soumis \u00e0 la Surveillance M\u00e9dicale R\u00e8glementaire de la FFC.<\/p>\n","protected":false},"author":1,"featured_media":951,"comment_status":"closed","ping_status":"closed","sticky":false,"template":"","format":"standard","meta":{"site-sidebar-layout":"default","site-content-layout":"","ast-site-content-layout":"default","site-content-style":"default","site-sidebar-style":"default","ast-global-header-display":"","ast-banner-title-visibility":"","ast-main-header-display":"","ast-hfb-above-header-display":"","ast-hfb-below-header-display":"","ast-hfb-mobile-header-display":"","site-post-title":"","ast-breadcrumbs-content":"","ast-featured-img":"","footer-sml-layout":"","theme-transparent-header-meta":"","adv-header-id-meta":"","stick-header-meta":"","header-above-stick-meta":"","header-main-stick-meta":"","header-below-stick-meta":"","astra-migrate-meta-layouts":"default","ast-page-background-enabled":"default","ast-page-background-meta":{"desktop":{"background-color":"","background-image":"","background-repeat":"repeat","background-position":"center center","background-size":"auto","background-attachment":"scroll","background-type":"","background-media":"","overlay-type":"","overlay-color":"","overlay-opacity":"","overlay-gradient":""},"tablet":{"background-color":"","background-image":"","background-repeat":"repeat","background-position":"center center","background-size":"auto","background-attachment":"scroll","background-type":"","background-media":"","overlay-type":"","overlay-color":"","overlay-opacity":"","overlay-gradient":""},"mobile":{"background-color":"","background-image":"","background-repeat":"repeat","background-position":"center center","background-size":"auto","background-attachment":"scroll","background-type":"","background-media":"","overlay-type":"","overlay-color":"","overlay-opacity":"","overlay-gradient":""}},"ast-content-background-meta":{"desktop":{"background-color":"var(--ast-global-color-5)","background-image":"","background-repeat":"repeat","background-position":"center center","background-size":"auto","background-attachment":"scroll","background-type":"","background-media":"","overlay-type":"","overlay-color":"","overlay-opacity":"","overlay-gradient":""},"tablet":{"background-color":"var(--ast-global-color-5)","background-image":"","background-repeat":"repeat","background-position":"center center","background-size":"auto","background-attachment":"scroll","background-type":"","background-media":"","overlay-type":"","overlay-color":"","overlay-opacity":"","overlay-gradient":""},"mobile":{"background-color":"var(--ast-global-color-5)","background-image":"","background-repeat":"repeat","background-position":"center center","background-size":"auto","background-attachment":"scroll","background-type":"","background-media":"","overlay-type":"","overlay-color":"","overlay-opacity":"","overlay-gradient":""}},"footnotes":""},"categories":[16],"tags":[],"class_list":["post-937","post","type-post","status-publish","format-standard","has-post-thumbnail","hentry","category-medical"],"_links":{"self":[{"href":"https:\/\/cd-68-ffc.fr\/index.php?rest_route=\/wp\/v2\/posts\/937","targetHints":{"allow":["GET"]}}],"collection":[{"href":"https:\/\/cd-68-ffc.fr\/index.php?rest_route=\/wp\/v2\/posts"}],"about":[{"href":"https:\/\/cd-68-ffc.fr\/index.php?rest_route=\/wp\/v2\/types\/post"}],"author":[{"embeddable":true,"href":"https:\/\/cd-68-ffc.fr\/index.php?rest_route=\/wp\/v2\/users\/1"}],"replies":[{"embeddable":true,"href":"https:\/\/cd-68-ffc.fr\/index.php?rest_route=%2Fwp%2Fv2%2Fcomments&post=937"}],"version-history":[{"count":32,"href":"https:\/\/cd-68-ffc.fr\/index.php?rest_route=\/wp\/v2\/posts\/937\/revisions"}],"predecessor-version":[{"id":1016,"href":"https:\/\/cd-68-ffc.fr\/index.php?rest_route=\/wp\/v2\/posts\/937\/revisions\/1016"}],"wp:featuredmedia":[{"embeddable":true,"href":"https:\/\/cd-68-ffc.fr\/index.php?rest_route=\/wp\/v2\/media\/951"}],"wp:attachment":[{"href":"https:\/\/cd-68-ffc.fr\/index.php?rest_route=%2Fwp%2Fv2%2Fmedia&parent=937"}],"wp:term":[{"taxonomy":"category","embeddable":true,"href":"https:\/\/cd-68-ffc.fr\/index.php?rest_route=%2Fwp%2Fv2%2Fcategories&post=937"},{"taxonomy":"post_tag","embeddable":true,"href":"https:\/\/cd-68-ffc.fr\/index.php?rest_route=%2Fwp%2Fv2%2Ftags&post=937"}],"curies":[{"name":"wp","href":"https:\/\/api.w.org\/{rel}","templated":true}]}}